{"id":2434,"date":"2014-08-21T12:42:51","date_gmt":"2014-08-21T10:42:51","guid":{"rendered":"http:\/\/www.zamosc.pttk.pl\/wordpress\/?p=2434"},"modified":"2014-09-21T11:41:43","modified_gmt":"2014-09-21T09:41:43","slug":"40-rajd-milosnikow-roztocza","status":"publish","type":"post","link":"https:\/\/zamosc.pttk.pl\/wordpress\/?p=2434","title":{"rendered":"40 Rajd &#8222;Mi\u0142o\u015bnik\u00f3w Roztocza&#8221;"},"content":{"rendered":"<p style=\"text-align: left;\"><strong><span style=\"font-size: 16px;\"><a href=\"http:\/\/www.zamosc.pttk.pl\/wordpress\/wp-content\/uploads\/2014\/08\/logotlp.png\"><img loading=\"lazy\" decoding=\"async\" class=\"size-thumbnail wp-image-2481 alignleft\" src=\"http:\/\/www.zamosc.pttk.pl\/wordpress\/wp-content\/uploads\/2014\/08\/logotlp-141x200.png\" alt=\"logotlp\" width=\"141\" height=\"200\" srcset=\"https:\/\/zamosc.pttk.pl\/wordpress\/wp-content\/uploads\/2014\/08\/logotlp-141x200.png 141w, https:\/\/zamosc.pttk.pl\/wordpress\/wp-content\/uploads\/2014\/08\/logotlp-212x300.png 212w, https:\/\/zamosc.pttk.pl\/wordpress\/wp-content\/uploads\/2014\/08\/logotlp.png 640w\" sizes=\"auto, (max-width: 141px) 100vw, 141px\" \/><\/a><\/span><\/strong><\/p>\n<p style=\"text-align: left;\"><strong><span style=\"font-size: 16px;\"><a href=\"http:\/\/www.zamosc.pttk.pl\/wordpress\/wp-content\/uploads\/2014\/08\/znaczekmr.png\"><img loading=\"lazy\" decoding=\"async\" class=\"size-thumbnail wp-image-2574 alignright\" src=\"http:\/\/www.zamosc.pttk.pl\/wordpress\/wp-content\/uploads\/2014\/08\/znaczekmr-196x200.png\" alt=\"znaczekmr\" width=\"196\" height=\"200\" srcset=\"https:\/\/zamosc.pttk.pl\/wordpress\/wp-content\/uploads\/2014\/08\/znaczekmr-196x200.png 196w, https:\/\/zamosc.pttk.pl\/wordpress\/wp-content\/uploads\/2014\/08\/znaczekmr-294x300.png 294w, https:\/\/zamosc.pttk.pl\/wordpress\/wp-content\/uploads\/2014\/08\/znaczekmr.png 351w\" sizes=\"auto, (max-width: 196px) 100vw, 196px\" \/><\/a>\u00a0<a href=\"http:\/\/www.tlp.pttk.pl\/Miedzypokoleniowa-sztafeta-turystyczna\">Mi\u0119dzypokole<\/a><a href=\"http:\/\/www.tlp.pttk.pl\/Miedzypokoleniowa-sztafeta-turystyczna\">niowa Sztafeta Turystyczna<\/a><\/span><\/strong><\/p>\n<p style=\"text-align: center;\"><strong><span style=\"font-size: 14px;\">&gt;&gt;&gt;\u00a0<a href=\"http:\/\/www.zamosc.pttk.pl\/wordpress\/?page_id=2647\">Wspomnienia rajdowe<\/a><\/span><\/strong><\/p>\n<p style=\"text-align: center;\">&gt;&gt;&gt;\u00a0<span style=\"font-size: 14px;\"><a href=\"http:\/\/www.zamosc.pttk.pl\/wordpress\/wp-content\/uploads\/2014\/08\/Regulamin-MR.pdf\">Regulamin MR<\/a><\/span><\/p>\n<p style=\"text-align: justify;\">Zapraszamy na Rajd, kt\u00f3ry odb\u0119dzie si\u0119 w dniu<br \/>\n<strong>20 wrze\u015bnia 2014 r.<\/strong> na Roztoczu \u015arodkowym\u00a0z met\u0105\u00a0w <strong>G\u00f3recku Ko\u015bcielnym<\/strong> \u00a0N 50 30.075 \u00a0E 22 58.230<br \/>\nWyjazd autokar\u00f3w z parkingu przy ul Partyzant\u00f3w o godz. 8.30<br \/>\nPlanujemy 2 podstawowe trasy o d\u0142ugo\u015bci ok. 13 km &#8211; czas w\u0119dr\u00f3wki ok. 4 godz.<\/p>\n<p style=\"text-align: justify;\">Trasa I<\/p>\n<p style=\"text-align: justify;\">Start w <strong>Sochach<\/strong> \u00a0 N 50 35.081 \u00a0E 22 567.623<\/p>\n<p style=\"text-align: justify;\">Sochy &#8211; Florianka &#8211; Wysoka G\u00f3ra &#8211; G\u00f3recko Stare &#8211; Rezerwat Szum (\u015bcie\u017ck\u0105 niebiesk\u0105) &#8211; G\u00f3recko Ko\u015bcielne W\u0119dr\u00f3wka: szlakiem kraw\u0119dziowym &#8211; czerwonym, \u015bcie\u017ck\u0105 niebiesk\u0105<\/p>\n<p style=\"text-align: justify;\">Trasa II<\/p>\n<p style=\"text-align: justify;\">Start w <strong>Tereszpolu &#8211; Jurdydze<\/strong> \u00a0 \u00a0N 50 32.917 \u00a0E 22 56.240<\/p>\n<p style=\"text-align: justify;\">Tereszpol-Jurdyga &#8211; Florianka (szlakiem im. Al. Wachniewskiej &#8211; zielonym) &#8211; Wysoka G\u00f3ra &#8211; G\u00f3recko Stare &#8211; Rezerwat Szum (\u015bcie\u017ck\u0105 niebiesk\u0105) &#8211; G\u00f3recko Ko\u015bcielne W\u0119dr\u00f3wka szlakami: im. Al. Wachniewskiej (zielonym), Kraw\u0119dziowym &#8211; czerwonym, \u015bcie\u017ck\u0105 niebiesk\u0105.<\/p>\n<p>Rajdowe atrakcje: Florianka &#8211; le\u015bna osada na terenie Roztocza\u0144skiego Parku Narodowego a tam koniki polskie, Izba Le\u015bna i d\u0105b Florian) &#8211; opowiemy o historii tej niewielkiej le\u015bnej osady&#8230;, W tym roku obchodzona jest 40 rocznica powo\u0142ania Roztocza\u0144skiego Parku Narodowego.\u00a0W rezerwacie Szum zobaczymy wodne progi na<a href=\"http:\/\/www.zamosc.pttk.pl\/wordpress\/wp-content\/uploads\/2014\/08\/DSC_9626.jpg\"><img loading=\"lazy\" decoding=\"async\" class=\"size-thumbnail wp-image-2483 alignright\" src=\"http:\/\/www.zamosc.pttk.pl\/wordpress\/wp-content\/uploads\/2014\/08\/DSC_9626-200x133.jpg\" alt=\"DSC_9626\" width=\"200\" height=\"133\" srcset=\"https:\/\/zamosc.pttk.pl\/wordpress\/wp-content\/uploads\/2014\/08\/DSC_9626-200x133.jpg 200w, https:\/\/zamosc.pttk.pl\/wordpress\/wp-content\/uploads\/2014\/08\/DSC_9626-300x199.jpg 300w, https:\/\/zamosc.pttk.pl\/wordpress\/wp-content\/uploads\/2014\/08\/DSC_9626-450x300.jpg 450w, https:\/\/zamosc.pttk.pl\/wordpress\/wp-content\/uploads\/2014\/08\/DSC_9626.jpg 640w\" sizes=\"auto, (max-width: 200px) 100vw, 200px\" \/><\/a> <a href=\"http:\/\/www.zamosc.pttk.pl\/wordpress\/wp-content\/uploads\/2014\/08\/DSC_9015.jpg\"><img loading=\"lazy\" decoding=\"async\" class=\"size-thumbnail wp-image-2502 alignleft\" src=\"http:\/\/www.zamosc.pttk.pl\/wordpress\/wp-content\/uploads\/2014\/08\/DSC_9015-200x133.jpg\" alt=\"DSC_9015\" width=\"200\" height=\"133\" srcset=\"https:\/\/zamosc.pttk.pl\/wordpress\/wp-content\/uploads\/2014\/08\/DSC_9015-200x133.jpg 200w, https:\/\/zamosc.pttk.pl\/wordpress\/wp-content\/uploads\/2014\/08\/DSC_9015-300x199.jpg 300w, https:\/\/zamosc.pttk.pl\/wordpress\/wp-content\/uploads\/2014\/08\/DSC_9015-450x300.jpg 450w, https:\/\/zamosc.pttk.pl\/wordpress\/wp-content\/uploads\/2014\/08\/DSC_9015.jpg 640w\" sizes=\"auto, (max-width: 200px) 100vw, 200px\" \/><\/a>rzece Szum i przepi\u0119kn\u0105 roztocza\u0144sk\u0105 puszcz\u0119.<\/p>\n<p style=\"text-align: justify;\"><em>W przypadku zg\u0142oszenia si\u0119 co najmniej 25 os\u00f3b mo\u017cemy zorganizowa\u0107 dodatkow\u0105 tras\u0119 2 dniow\u0105 z programem specjalnym. W tym wypadku koszt zwi\u0119ksza si\u0119 o cen\u0119 noclegu. \u00a0<\/em><\/p>\n<p style=\"text-align: justify;\">Na tym rajdzie ognisko rajdowe zap\u0142onie ok. godz. 15-tej. Na mecie b\u0119d\u0105 tradycyjne konkursy: krajoznawczy, piosenki turystycznej &#8211; preferowane b\u0119d\u0105\u00a0 piosenki o Roztoczu.\u00a0Tym razem jury nie b\u0119dzie s\u0142ucha\u0107 piosenek biesiadnych i discopolo.<\/p>\n<p style=\"text-align: justify;\">\n<p>&nbsp;<\/p>\n","protected":false},"excerpt":{"rendered":"<p>\u00a0Mi\u0119dzypokoleniowa Sztafeta Turystyczna &gt;&gt;&gt;\u00a0Wspomnienia rajdowe &gt;&gt;&gt;\u00a0Regulamin MR Zapraszamy na Rajd, kt\u00f3ry odb\u0119dzie si\u0119 w dniu 20 wrze\u015bnia 2014 r. na Roztoczu \u015arodkowym\u00a0z met\u0105\u00a0w G\u00f3recku Ko\u015bcielnym \u00a0N 50 30.075 \u00a0E 22 58.230 Wyjazd autokar\u00f3w z parkingu przy ul Partyzant\u00f3w o godz. &hellip; <a class=\"more-link\" href=\"https:\/\/zamosc.pttk.pl\/wordpress\/?p=2434\">Czytaj dalej <span class=\"meta-nav\">&rarr;<\/span><\/a><\/p>\n","protected":false},"author":1,"featured_media":0,"comment_status":"closed","ping_status":"closed","sticky":false,"template":"","format":"standard","meta":{"footnotes":""},"categories":[1],"tags":[],"class_list":["post-2434","post","type-post","status-publish","format-standard","hentry","category-bez-kategorii"],"_links":{"self":[{"href":"https:\/\/zamosc.pttk.pl\/wordpress\/index.php?rest_route=\/wp\/v2\/posts\/2434","targetHints":{"allow":["GET"]}}],"collection":[{"href":"https:\/\/zamosc.pttk.pl\/wordpress\/index.php?rest_route=\/wp\/v2\/posts"}],"about":[{"href":"https:\/\/zamosc.pttk.pl\/wordpress\/index.php?rest_route=\/wp\/v2\/types\/post"}],"author":[{"embeddable":true,"href":"https:\/\/zamosc.pttk.pl\/wordpress\/index.php?rest_route=\/wp\/v2\/users\/1"}],"replies":[{"embeddable":true,"href":"https:\/\/zamosc.pttk.pl\/wordpress\/index.php?rest_route=%2Fwp%2Fv2%2Fcomments&post=2434"}],"version-history":[{"count":42,"href":"https:\/\/zamosc.pttk.pl\/wordpress\/index.php?rest_route=\/wp\/v2\/posts\/2434\/revisions"}],"predecessor-version":[{"id":2715,"href":"https:\/\/zamosc.pttk.pl\/wordpress\/index.php?rest_route=\/wp\/v2\/posts\/2434\/revisions\/2715"}],"wp:attachment":[{"href":"https:\/\/zamosc.pttk.pl\/wordpress\/index.php?rest_route=%2Fwp%2Fv2%2Fmedia&parent=2434"}],"wp:term":[{"taxonomy":"category","embeddable":true,"href":"https:\/\/zamosc.pttk.pl\/wordpress\/index.php?rest_route=%2Fwp%2Fv2%2Fcategories&post=2434"},{"taxonomy":"post_tag","embeddable":true,"href":"https:\/\/zamosc.pttk.pl\/wordpress\/index.php?rest_route=%2Fwp%2Fv2%2Ftags&post=2434"}],"curies":[{"name":"wp","href":"https:\/\/api.w.org\/{rel}","templated":true}]}}