{"id":20579,"date":"2026-02-19T16:58:41","date_gmt":"2026-02-19T15:58:41","guid":{"rendered":"https:\/\/zamosc.pttk.pl\/wordpress\/?p=20579"},"modified":"2026-03-27T13:34:06","modified_gmt":"2026-03-27T12:34:06","slug":"xxxvii-zjazd-oddzialu","status":"publish","type":"post","link":"https:\/\/zamosc.pttk.pl\/wordpress\/?p=20579","title":{"rendered":"XXXVII Zjazd Oddzia\u0142u PTTK w Zamo\u015bciu"},"content":{"rendered":"\n<p class=\"has-small-font-size\">W dniu 21 marca 2026 r. odby\u0142 si\u0119 XXXVII<br \/>Zjazd Oddzia\u0142u PTTK w Zamo\u015bciu.<br \/>Przyby\u0142o 20 delegat\u00f3w wybranych na zebraniach K\u00f3\u0142 i Klubu.<br \/>Obrady prowadzi\u0142 kol. Zbigniew Cholewa. W Prezydium Zjazdu byli r\u00f3wnie\u017c Andrzej Dziaduszek oraz protokolantka Magdalena Mielnicka. Przyby\u0142ych powita\u0142a kol. Renata Agnieszka Linek &#8211; prezes ZO PTTK w Zamo\u015bciu.<br \/>Sprawozdanie z dzia\u0142alno\u015bci Oddzia\u0142u za ostatni\u0105 kadencj\u0119 przedstawi\u0142a Kole\u017canka Prezes. <br \/>P\u00f3\u017aniej by\u0142y g\u0142osowania w sprawie wyboru W\u0142adz na now\u0105 kadencj\u0119.<br \/>Delegaci wybrali nowy Zarz\u0105d Oddzia\u0142u PTTK w Zamo\u015bciu w sk\u0142adzie:<br \/>1. Renata Agnieszka Linek &#8211; Prezes Zarz\u0105du Oddzia\u0142u<br \/>2. Bogumi\u0142a Zdzioch &#8211; Wiceprezes<br \/>3. Pawe\u0142 Koman &#8211; Skarbnik<br \/>4. Jadwiga Smyk &#8211; Sekretarz<br \/>5. Robert Kowalski -Cz\u0142onek Zarz\u0105du<br \/>Komisja Rewizyjna<br \/>1. Danuta Ksi\u0105\u017ckiewicz -Prezes<br \/>2. Andrzej Dziaduszek &#8211; cz\u0142onek<br \/>3. Monika Izarowska &#8211; cz\u0142onek<br \/>4. Stanis\u0142aw B\u0119cal &#8211; cz\u0142onek<br \/>5. Jadwiga Koz\u0142owska &#8211; cz\u0142onek<br \/>Delegaci na Konferencj\u0119 Regionaln\u0105 w Lublinie<br \/>1. Renata Agnieszka Linek<br \/>2. Zbigniew Pietrynko<br \/>Serdecznie gratulujemy nowym W\u0142adzom zaszczytnego wyboru.<br \/>Serdecznie dzi\u0119kujemy Panu Prezydentowi Zamo\u015bcia Rafa\u0142owi Zwolakowi za udost\u0119pnienie Historycznej Sali Consulatus w Ratuszu zamojskim.<\/p>\n\n\n\n<figure class=\"wp-block-image size-large\"><img loading=\"lazy\" decoding=\"async\" width=\"1024\" height=\"768\" src=\"https:\/\/zamosc.pttk.pl\/wordpress\/wp-content\/uploads\/2026\/02\/DSC07960-1024x768.jpg\" alt=\"\" class=\"wp-image-20611\" srcset=\"https:\/\/zamosc.pttk.pl\/wordpress\/wp-content\/uploads\/2026\/02\/DSC07960-1024x768.jpg 1024w, https:\/\/zamosc.pttk.pl\/wordpress\/wp-content\/uploads\/2026\/02\/DSC07960-300x225.jpg 300w, https:\/\/zamosc.pttk.pl\/wordpress\/wp-content\/uploads\/2026\/02\/DSC07960-200x150.jpg 200w, https:\/\/zamosc.pttk.pl\/wordpress\/wp-content\/uploads\/2026\/02\/DSC07960-768x576.jpg 768w, https:\/\/zamosc.pttk.pl\/wordpress\/wp-content\/uploads\/2026\/02\/DSC07960-1536x1152.jpg 1536w, https:\/\/zamosc.pttk.pl\/wordpress\/wp-content\/uploads\/2026\/02\/DSC07960-400x300.jpg 400w, https:\/\/zamosc.pttk.pl\/wordpress\/wp-content\/uploads\/2026\/02\/DSC07960.jpg 1920w\" sizes=\"auto, (max-width: 1024px) 100vw, 1024px\" \/><\/figure>\n\n\n\n<figure class=\"wp-block-image size-large\"><img loading=\"lazy\" decoding=\"async\" width=\"1024\" height=\"543\" src=\"https:\/\/zamosc.pttk.pl\/wordpress\/wp-content\/uploads\/2026\/02\/DSC07969-1024x543.jpg\" alt=\"\" class=\"wp-image-20612\" srcset=\"https:\/\/zamosc.pttk.pl\/wordpress\/wp-content\/uploads\/2026\/02\/DSC07969-1024x543.jpg 1024w, https:\/\/zamosc.pttk.pl\/wordpress\/wp-content\/uploads\/2026\/02\/DSC07969-300x159.jpg 300w, https:\/\/zamosc.pttk.pl\/wordpress\/wp-content\/uploads\/2026\/02\/DSC07969-200x106.jpg 200w, https:\/\/zamosc.pttk.pl\/wordpress\/wp-content\/uploads\/2026\/02\/DSC07969-768x407.jpg 768w, https:\/\/zamosc.pttk.pl\/wordpress\/wp-content\/uploads\/2026\/02\/DSC07969-1536x814.jpg 1536w, https:\/\/zamosc.pttk.pl\/wordpress\/wp-content\/uploads\/2026\/02\/DSC07969-500x265.jpg 500w, https:\/\/zamosc.pttk.pl\/wordpress\/wp-content\/uploads\/2026\/02\/DSC07969.jpg 1920w\" sizes=\"auto, (max-width: 1024px) 100vw, 1024px\" \/><\/figure>\n","protected":false},"excerpt":{"rendered":"<p>W dniu 21 marca 2026 r. odby\u0142 si\u0119 XXXVIIZjazd Oddzia\u0142u PTTK w Zamo\u015bciu.Przyby\u0142o 20 delegat\u00f3w wybranych na zebraniach K\u00f3\u0142 i Klubu.Obrady prowadzi\u0142 kol. Zbigniew Cholewa. W Prezydium Zjazdu byli r\u00f3wnie\u017c Andrzej Dziaduszek oraz protokolantka Magdalena Mielnicka. Przyby\u0142ych powita\u0142a kol. Renata &hellip; <a class=\"more-link\" href=\"https:\/\/zamosc.pttk.pl\/wordpress\/?p=20579\">Czytaj dalej <span class=\"meta-nav\">&rarr;<\/span><\/a><\/p>\n","protected":false},"author":1,"featured_media":0,"comment_status":"closed","ping_status":"closed","sticky":false,"template":"","format":"standard","meta":{"footnotes":""},"categories":[1],"tags":[],"class_list":["post-20579","post","type-post","status-publish","format-standard","hentry","category-bez-kategorii"],"_links":{"self":[{"href":"https:\/\/zamosc.pttk.pl\/wordpress\/index.php?rest_route=\/wp\/v2\/posts\/20579","targetHints":{"allow":["GET"]}}],"collection":[{"href":"https:\/\/zamosc.pttk.pl\/wordpress\/index.php?rest_route=\/wp\/v2\/posts"}],"about":[{"href":"https:\/\/zamosc.pttk.pl\/wordpress\/index.php?rest_route=\/wp\/v2\/types\/post"}],"author":[{"embeddable":true,"href":"https:\/\/zamosc.pttk.pl\/wordpress\/index.php?rest_route=\/wp\/v2\/users\/1"}],"replies":[{"embeddable":true,"href":"https:\/\/zamosc.pttk.pl\/wordpress\/index.php?rest_route=%2Fwp%2Fv2%2Fcomments&post=20579"}],"version-history":[{"count":5,"href":"https:\/\/zamosc.pttk.pl\/wordpress\/index.php?rest_route=\/wp\/v2\/posts\/20579\/revisions"}],"predecessor-version":[{"id":20634,"href":"https:\/\/zamosc.pttk.pl\/wordpress\/index.php?rest_route=\/wp\/v2\/posts\/20579\/revisions\/20634"}],"wp:attachment":[{"href":"https:\/\/zamosc.pttk.pl\/wordpress\/index.php?rest_route=%2Fwp%2Fv2%2Fmedia&parent=20579"}],"wp:term":[{"taxonomy":"category","embeddable":true,"href":"https:\/\/zamosc.pttk.pl\/wordpress\/index.php?rest_route=%2Fwp%2Fv2%2Fcategories&post=20579"},{"taxonomy":"post_tag","embeddable":true,"href":"https:\/\/zamosc.pttk.pl\/wordpress\/index.php?rest_route=%2Fwp%2Fv2%2Ftags&post=20579"}],"curies":[{"name":"wp","href":"https:\/\/api.w.org\/{rel}","templated":true}]}}