{"id":17139,"date":"2021-02-19T10:38:30","date_gmt":"2021-02-19T09:38:30","guid":{"rendered":"http:\/\/www.zamosc.pttk.pl\/wordpress\/?p=17139"},"modified":"2021-03-07T20:15:39","modified_gmt":"2021-03-07T19:15:39","slug":"47-rajd-zimowy-wzgorzami-roztocza","status":"publish","type":"post","link":"https:\/\/zamosc.pttk.pl\/wordpress\/?p=17139","title":{"rendered":"47 Rajd Zimowy &#8222;Wzg\u00f3rzami Roztocza&#8221;"},"content":{"rendered":"<p style=\"text-align: justify;\"><a href=\"http:\/\/www.zamosc.pttk.pl\/wordpress\/wp-content\/uploads\/2021\/02\/znaczek-zimowy.jpg\"><img loading=\"lazy\" decoding=\"async\" class=\"size-medium wp-image-17144 alignnone alignleft\" src=\"http:\/\/www.zamosc.pttk.pl\/wordpress\/wp-content\/uploads\/2021\/02\/znaczek-zimowy-298x300.jpg\" alt=\"\" width=\"298\" height=\"300\" srcset=\"https:\/\/zamosc.pttk.pl\/wordpress\/wp-content\/uploads\/2021\/02\/znaczek-zimowy-298x300.jpg 298w, https:\/\/zamosc.pttk.pl\/wordpress\/wp-content\/uploads\/2021\/02\/znaczek-zimowy-198x200.jpg 198w, https:\/\/zamosc.pttk.pl\/wordpress\/wp-content\/uploads\/2021\/02\/znaczek-zimowy-144x144.jpg 144w, https:\/\/zamosc.pttk.pl\/wordpress\/wp-content\/uploads\/2021\/02\/znaczek-zimowy.jpg 640w\" sizes=\"auto, (max-width: 298px) 100vw, 298px\" \/><\/a>Na trasie 47 Rajdu Zimowego &#8222;Wzg\u00f3rzami Roztocza&#8221; \u015bniegu nie brakuje, czasami po pas i roztocza\u0144skiego b\u0142ota jest dosy\u0107. Trasa sapowata i trudna dla maluszk\u00f3w i staruszk\u00f3w. W lesie jest uroczo, na polach troch\u0119&#8230;mniej fajnie. Og\u00f3lnie b\u0119dzie fajnie&#8230;<\/p>\n<p>Wspomnienia rajdowe na drugiej stronie&gt;&gt;&gt;<\/p>\n<hr \/>\n<p style=\"text-align: justify;\">Indywidualny Zimowy Rajd \u201eWzg\u00f3rzami Roztocza\u201d<br \/>\nNiestety nasta\u0142y trudne czasy pandemii dla zamojskich turyst\u00f3w. \u00a0Mimo to w dniu 6 marca br. w sobot\u0119, wyruszymy na indywidualny spacer po Roztoczu \u015arodkowym\u2026<br \/>\nTym razem b\u0119dziemy w okolicach Bli\u017cowa w gm. Adam\u00f3w.<br \/>\nTrasa: Bli\u017c\u00f3w &#8211; uroczysko Iwnia\u00a0 &#8211; Kol. Adam\u00f3w &#8211; Bli\u017c\u00f3w.<!--more--><br \/>\nZasady uczestnictwa:<br \/>\nUczestnicy rajdu w\u0119druj\u0105 indywidualnie tzn. z rodzinami w odleg\u0142o\u015bci zasi\u0119gu wzroku.<br \/>\nNie pobieramy \u017cadnych op\u0142at, uczestnictwo na w\u0142asn\u0105 odpowiedzialno\u015b\u0107 i w\u0142asne ubezpieczenie. Nie przyjmujemy wcze\u015bniejszych zg\u0142osze\u0144.<br \/>\nUczestnicy musz\u0105 dostosowa\u0107 si\u0119 do obowi\u0105zuj\u0105cych w dniu 6 marca br. przepis\u00f3w sanitarnych.<br \/>\nDojazd we w\u0142asnym zakresie, ilo\u015b\u0107 miejsc mo\u017ce by\u0107 ograniczona albo nie, ale wiek uczestnik\u00f3w nieograniczony. Mo\u017cna nawet zabra\u0107 kijki NW, mog\u0105 si\u0119 przyda\u0107 do odp\u0119dzania z\u0142ych mocy.<br \/>\nPrzy ognisku b\u0119dzie mo\u017cliwo\u015b\u0107 upieczenia kie\u0142basek<br \/>\nUczestnicy otrzymaj\u0105 potwierdzenie na punkty do odznak turystycznych i pami\u0105tkow\u0105 naklejk\u0119<br \/>\nProgram indywidualnego 47 Rajdu Zimowego \u201eWzg\u00f3rzami Roztocza\u201d\u201d.<br \/>\nDojazd na start do Bli\u017cowa przy \u015bwietlicy wiejskiej, mo\u017cliwo\u015b\u0107 parkowania samochod\u00f3w. Dojazd od Zamo\u015bcia mo\u017cliwy od drogi woj. 849 w Adamowie skr\u0119camy w prawo i doje\u017cd\u017camy do Bli\u017cowa, po prawej stronie b\u0119dzie \u015bwietlica i stamt\u0105d wyruszymy na w\u0119dr\u00f3wk\u0119.<br \/>\nWsp\u00f3\u0142rz\u0119dne GPS: N 500 36.080 E 230 07.115<br \/>\nW\u0119dr\u00f3wk\u0119 rozpoczynamy o godz. 9.30. Przewidujemy, \u017ce rajd b\u0119dzie trwa\u0142 ok. 4 godz. lub kr\u00f3cej w zale\u017cno\u015bci od kondycji uczestnik\u00f3w i warunk\u00f3w atmosferycznych, ok. 8 km.<br \/>\nNasi przodownicy turystyki pieszej od godz. 9.30 b\u0119d\u0105 wskazywa\u0107 tras\u0119 w\u0119dr\u00f3wki. B\u0119dziemy w\u0119drowa\u0107 drogami le\u015bnymi i polnymi. Prosimy o odpowiedni ubi\u00f3r i buty, gleba b\u0119dzie zapewne rozmok\u0142a (wskazane s\u0105 woreczki foliowe do skarpetek).<br \/>\nB\u0119dziemy w\u0119drowa\u0107 \u015bladami podjazd\u00f3w B\u0142a\u017ceja Siennickiego, kt\u00f3re za g\u00f3r\u0105 pod Trzepiecinami 365 lat temu przetrzepa\u0142y sk\u00f3r\u0119 szwedzkim wojskom. O tym b\u0119dziemy opowiada\u0107 na trasie Rajdu.<br \/>\nPomys\u0142odawcami s\u0105 przewodnicy i przodownicy z Klubu Turystyczno-Krajoznawczego im Micha\u0142a Pieszki przy Oddziale PTTK w Zamo\u015bciu.<br \/>\nZapraszamy serdecznie na zimow\u0105 w\u0119dr\u00f3wk\u0119 (na przedwio\u015bniu) po roztocza\u0144skich wzg\u00f3rzach i \u017cyczymy wiele ciekawych wra\u017ce\u0144.<\/p>\n<p>Wspomnienia rajdowe<\/p>\n<p style=\"text-align: justify;\">W sobotni poranek 6 marca 2021 r.przy \u015bwietlicy w Bli\u017cowie sta\u0142o 28 samochod\u00f3w, kt\u00f3rymi przyjecha\u0142o 78 uczestnik\u00f3w Rajdu. Pogoda by\u0142a wspania\u0142a jak na marzec, czasami powia\u0142o i popr\u00f3szy\u0142 \u015bnie\u017cek, pokazywa\u0142o si\u0119 s\u0142oneczko, ale by\u0142y te\u017c chmury. Andrzej przywita\u0142 uczestnik\u00f3w &#8211; niestety w maseczkach, Edward opowiedzia\u0142 dlaczego wybrali\u015bmy t\u0105 tras\u0119, praktycznie nieznan\u0105 wielu turystom.\u00a0 Janusz przywi\u00f3z\u0142 flag\u0119 PTTK-owsk\u0105. Wyruszyli\u015bmy rodzinkami na tras\u0119. Pocz\u0105tkowo szli\u015bmy przez Bli\u017c\u00f3w. Po drodze przez chwil\u0119 zatrzymali\u015bmy si\u0119 przy kaplicy &#8211; filii parafii w Kosobudach i kamiennej figurze z pocz\u0105tku XX w. Po drodze min\u0119li\u015bmy krzy\u017c drewniany na rozstajach dr\u00f3g z ciekawym p\u00f3\u0142okr\u0105g\u0142ym daszkiem. Min\u0119li\u015bmy w\u0119ze\u0142 szlak\u00f3w: partyzanckiego czerwonego i zielonego Al. Wachniewskiej. Ten ostatni szlak b\u0119dzie nas prowadzi\u0142 troch\u0119. \u00a0Na skraju Bli\u017cowa wszyscy ogl\u0105dali z zaciekawieniem i zrobili zdj\u0119cia malowanej chatki. Edward opowiedzia\u0142 kr\u00f3tko jej histori\u0119.<br \/>\nWchodzimy do lasu i tutaj kr\u00f3luje prawdziwa zima. Na szcz\u0119\u015bcie jest przymrozek i nogi si\u0119 nie zapadaj\u0105. Najm\u0142odszym najbardziej podobaj\u0105 si\u0119 zamarzni\u0119te ka\u0142u\u017ce&#8230;<br \/>\nProsto prowadzi szlak zielony do Bondyrza i rowerowy Rove Love do Guciowa. T\u0105 drog\u0105 365 lat temu te\u017c 6 marca przemieszcza\u0142y si\u0119 podjazdy Stefana Czarnieckiego pod dow. B\u0142a\u017ceja Siennickiego, kt\u00f3re pod Trzepiecinami przetrzepa\u0142y Szwedom sk\u00f3r\u0119.<br \/>\nPrzechodzimy przez wydm\u0119 i znowu spotykamy szlak pieszy zielony, kt\u00f3ry b\u0119dzie nas prowadzi\u0142 w okolice Iwni.<br \/>\nW g\u0142\u0119bokim lesie zobaczyli\u015bmy mury z kamienia, kto\u015b my\u015bla\u0142, \u017ce to s\u0105 ruiny jakiego\u015b zamku, a to tylko murek wybudowany przez obecnego w\u0142a\u015bciciela wioski. Omijamy posiad\u0142o\u015b\u0107 od wschodu i zobaczyli\u015bmy jak\u0105\u015b posta\u0107 krz\u0105taj\u0105c\u0105 si\u0119 przy zabudowaniach. Poznali\u015bmy, \u017ce to jest znajomy wielu uczestnik\u00f3w rajdu kol. Andrzej &#8211; pan na Iwni. Poprosili\u015bmy go do nas. Mi\u0142e by\u0142o, kr\u00f3tkie spotkanie. Dzieciakom podoba\u0142a si\u0119 jego broda. Po kr\u00f3tkim spotkaniu idziemy dalej tym razem pod g\u00f3r\u0119. Dzisiaj nie by\u0142o trudno, bo g\u0142\u0119boki \u015bnieg zamarz\u0142. Na polance przy skraju lasu rozpalili\u015bmy ognisko rajowe. Dzi\u0119ki szczypom przyniesionym przez Andrzeja ognisko bardzo szybko zap\u0142on\u0119\u0142o. Kiedy ogie\u0144 by\u0142 ju\u017c wi\u0119kszy piekli\u015bmy kie\u0142baski. By\u0142 czas na pogaduszki i bli\u017cej poznania si\u0119. Okaza\u0142o si\u0119, \u017ce na Rajd przybyli mi\u0142o\u015bnicy Roztocza z Zamo\u015bcia, Bi\u0142goraja, J\u00f3zefowa, Tomaszowa Lub., Krasnobrodu, Lubaczowa i nawet z Warszawy. \u00a0Przy ognisku odby\u0142 konkurs rzucania podkow\u0105 do kr\u0119gu.\u00a0 Kto rzuci\u0142 do celu otrzymywa\u0142 nagrod\u0119 lizak i zak\u0142adk\u0119 z legend\u0105 o Czartowym Polu.\u00a0 Humory wszystkim dopisywa\u0142y, ale czas rusza\u0107 do Bli\u017cowa.<br \/>\nPodjecha\u0142 do nas samoch\u00f3d terenowy i wysiad\u0142 pan my\u015bliwy pytaj\u0105c o drog\u0119 w lesie. Powiedzieli\u015bmy, \u017ce jest bardzo g\u0142\u0119boki \u015bnieg, wi\u0119c zrezygnowa\u0142 z dalszej jazdy. Powiedzia\u0142 nam, \u017ce w okolicy b\u0142\u0105ka si\u0119 samotny wilk.<br \/>\nJeste\u015bmy na terenie Kolonii Adam\u00f3w. Niegdy\u015b by\u0142 tutaj folwark Bondyrz w\u0142asno\u015b\u0107 hrabiego \u0141osia z Adamowa. Po lewej min\u0119li\u015bmy zabudowania na terenie dawnej posiad\u0142o\u015bci jednego z aktor\u00f3w polskich. Opowiadano, \u017ce jego c\u00f3rka do szko\u0142y w Kacz\u00f3rkach je\u017adzi\u0142a wierzchem na koniku. Wszyscy zwr\u00f3cili uwag\u0119 na jemio\u0142y rosn\u0105ce na zdzicza\u0142ych jab\u0142onkach. Po prawej min\u0119li\u015bmy strach polny wykonany z babcinej koszuli nocnej.<br \/>\nNa drodze wy\u0142o\u017conej kostk\u0105 spotkali\u015bmy samoch\u00f3d, z kt\u00f3rego wysiada\u0142a pani i bardzo si\u0119 dziwi\u0142a, jak zobaczy\u0142a tyle ludzi. M\u00f3wi\u0142a, \u017ce nigdy nie by\u0142o tutaj naraz tyle ludzi. Po drodze zobaczyli\u015bmy niezamieszka\u0142y dom, przeci\u0119ty na p\u00f3\u0142 zapewne w wyniku podzia\u0142u maj\u0105tku. Doszli\u015bmy do szlaku partyzanckiego. Przy skr\u0119cie stoi kamienna figura z 1947 roku. Napisy s\u0105 z b\u0142\u0119dami, m.in. N jest odwr\u00f3cone.<br \/>\nSko\u0144czy\u0142a si\u0119 wygodna droga i rozpocz\u0119\u0142a si\u0119 prawdziwa roztocza\u0144ska droga z prawdziwym roztocza\u0144skim b\u0142otkiem. Min\u0119li\u015bmy pomnikow\u0105 sosn\u0119 z kapliczk\u0105 i weszli\u015bmy na wzg\u00f3rze.\u00a0 Schodz\u0105c z g\u00f3ry mogli\u015bmy pozna\u0107 uroki roztocza\u0144skiego b\u0142ota.\u00a0 Nogi si\u0119 rozje\u017cd\u017ca\u0142y, a buty wa\u017cy\u0142y kilka kilogram\u00f3w wi\u0119cej. Nie s\u0142ysza\u0142em, \u017ceby kto\u015b narzeka\u0142, raczej traktowano w\u0119druj\u0105c po b\u0142ocie, jako przygod\u0119 i atrakcj\u0119&#8230; W lesie by\u0142o ju\u017c lepiej, bo by\u0142 zamarzni\u0119ty jeszcze \u015bnieg.<br \/>\nNa skraju Bli\u017cowa przy drodze asfaltowej Andrzej i Edward podzi\u0119kowali uczestnikom za wsp\u00f3ln\u0105 w\u0119dr\u00f3wk\u0119. Grupkami doszli\u015bmy do cierpliwie czekaj\u0105cych na nas samochodzik\u00f3w. By\u0142y jeszcze pogaduszki i zaproszenie na nast\u0119pny rajd w ostatni\u0105 sobot\u0119 kwietnia w okolicach Siedlisk ko\u0142o Hrebennego.<br \/>\nDzi\u0119kujemy i do zobaczenia na roztocza\u0144skich szlakach i bezdro\u017cach&#8230;<br \/>\nProwadzili przewodnicy zamojscy PTTK i przodownicy turystyki pieszej Andrzej, Edward i Janusz<\/p>\n<p>[huge_it_slider id=&#8221;242 &#8222;]<\/p>\n<p style=\"text-align: justify;\">\n","protected":false},"excerpt":{"rendered":"<p>Na trasie 47 Rajdu Zimowego &#8222;Wzg\u00f3rzami Roztocza&#8221; \u015bniegu nie brakuje, czasami po pas i roztocza\u0144skiego b\u0142ota jest dosy\u0107. Trasa sapowata i trudna dla maluszk\u00f3w i staruszk\u00f3w. W lesie jest uroczo, na polach troch\u0119&#8230;mniej fajnie. Og\u00f3lnie b\u0119dzie fajnie&#8230; Wspomnienia rajdowe na &hellip; <a class=\"more-link\" href=\"https:\/\/zamosc.pttk.pl\/wordpress\/?p=17139\">Czytaj dalej <span class=\"meta-nav\">&rarr;<\/span><\/a><\/p>\n","protected":false},"author":1,"featured_media":0,"comment_status":"closed","ping_status":"closed","sticky":false,"template":"","format":"standard","meta":{"footnotes":""},"categories":[1],"tags":[],"class_list":["post-17139","post","type-post","status-publish","format-standard","hentry","category-bez-kategorii"],"_links":{"self":[{"href":"https:\/\/zamosc.pttk.pl\/wordpress\/index.php?rest_route=\/wp\/v2\/posts\/17139","targetHints":{"allow":["GET"]}}],"collection":[{"href":"https:\/\/zamosc.pttk.pl\/wordpress\/index.php?rest_route=\/wp\/v2\/posts"}],"about":[{"href":"https:\/\/zamosc.pttk.pl\/wordpress\/index.php?rest_route=\/wp\/v2\/types\/post"}],"author":[{"embeddable":true,"href":"https:\/\/zamosc.pttk.pl\/wordpress\/index.php?rest_route=\/wp\/v2\/users\/1"}],"replies":[{"embeddable":true,"href":"https:\/\/zamosc.pttk.pl\/wordpress\/index.php?rest_route=%2Fwp%2Fv2%2Fcomments&post=17139"}],"version-history":[{"count":15,"href":"https:\/\/zamosc.pttk.pl\/wordpress\/index.php?rest_route=\/wp\/v2\/posts\/17139\/revisions"}],"predecessor-version":[{"id":17217,"href":"https:\/\/zamosc.pttk.pl\/wordpress\/index.php?rest_route=\/wp\/v2\/posts\/17139\/revisions\/17217"}],"wp:attachment":[{"href":"https:\/\/zamosc.pttk.pl\/wordpress\/index.php?rest_route=%2Fwp%2Fv2%2Fmedia&parent=17139"}],"wp:term":[{"taxonomy":"category","embeddable":true,"href":"https:\/\/zamosc.pttk.pl\/wordpress\/index.php?rest_route=%2Fwp%2Fv2%2Fcategories&post=17139"},{"taxonomy":"post_tag","embeddable":true,"href":"https:\/\/zamosc.pttk.pl\/wordpress\/index.php?rest_route=%2Fwp%2Fv2%2Ftags&post=17139"}],"curies":[{"name":"wp","href":"https:\/\/api.w.org\/{rel}","templated":true}]}}