{"id":16850,"date":"2020-11-29T15:12:02","date_gmt":"2020-11-29T14:12:02","guid":{"rendered":"http:\/\/www.zamosc.pttk.pl\/wordpress\/?p=16850"},"modified":"2020-12-07T15:08:03","modified_gmt":"2020-12-07T14:08:03","slug":"16850","status":"publish","type":"post","link":"https:\/\/zamosc.pttk.pl\/wordpress\/?p=16850","title":{"rendered":"22  Rajd Miko\u0142ajkowy (indywidualny)"},"content":{"rendered":"<p>&nbsp;<\/p>\n<p style=\"text-align: justify;\"><a href=\"http:\/\/www.zamosc.pttk.pl\/wordpress\/wp-content\/uploads\/2020\/11\/znaczek-mik.jpg\"><img loading=\"lazy\" decoding=\"async\" class=\"alignleft size-medium wp-image-16852\" src=\"http:\/\/www.zamosc.pttk.pl\/wordpress\/wp-content\/uploads\/2020\/11\/znaczek-mik-298x300.jpg\" alt=\"\" width=\"298\" height=\"300\" srcset=\"https:\/\/zamosc.pttk.pl\/wordpress\/wp-content\/uploads\/2020\/11\/znaczek-mik-298x300.jpg 298w, https:\/\/zamosc.pttk.pl\/wordpress\/wp-content\/uploads\/2020\/11\/znaczek-mik-200x200.jpg 200w, https:\/\/zamosc.pttk.pl\/wordpress\/wp-content\/uploads\/2020\/11\/znaczek-mik-768x773.jpg 768w, https:\/\/zamosc.pttk.pl\/wordpress\/wp-content\/uploads\/2020\/11\/znaczek-mik-144x144.jpg 144w, https:\/\/zamosc.pttk.pl\/wordpress\/wp-content\/uploads\/2020\/11\/znaczek-mik.jpg 800w\" sizes=\"auto, (max-width: 298px) 100vw, 298px\" \/><\/a><\/p>\n<div dir=\"auto\">Wspomnienia z 22 Rajdu &#8222;Miko\u0142ajkowego&#8221; w dniu 5 grudnia 2020 r.<\/div>\n<div dir=\"auto\">Rajd by\u0142 bardzo d\u0142uguuugi, bo w\u0119drowa\u0142o 38 os\u00f3b i musieli\u015bmy i\u015b\u0107 w zasi\u0119gu wzroku rodzinami i nikt si\u0119 nie zgubi\u0142. Pogoda wspania\u0142a, mieli\u015bmy zim\u0119 i wiosn\u0119 i p\u00f3\u017an\u0105 jesie\u0144. Po drodze widzieli\u015bmy tropy wilk\u00f3w, \u015blady kopyt czartowskich i wspania\u0142e widoki doliny dzikiego Sopotu.<\/div>\n<div dir=\"auto\">Dzi\u0119kujemy za wspania\u0142\u0105 atmosfer\u0119 na trasie 10, 3 km.<\/div>\n<div dir=\"auto\">Andrzej i Edward<\/div>\n<div dir=\"auto\">PTTK Oddzia\u0142 w Zamo\u015bciu<\/div>\n<div dir=\"auto\">\n<hr \/>\n<\/div>\n<p style=\"text-align: justify;\">Nasta\u0142y niestety trudne czasy dla zamojskich turyst\u00f3w. \u00a0Mimo to w dniu 5 grudnia 2020 r. w sobot\u0119 wyruszymy na indywidualny spacer po Puszczy Solskiej\u2026<\/p>\n<hr \/>\n<p style=\"text-align: justify;\">Tym razem w\u0119drowali\u015bmy nad Sopotem w okolicach rezerwatu Czartowe Pole.<\/p>\n<p style=\"text-align: justify;\"><!--more--><\/p>\n<p>&nbsp;<\/p>\n<p>&nbsp;<\/p>\n<p>&nbsp;<\/p>\n<p>&nbsp;<\/p>\n<p>&nbsp;<\/p>\n<p>[huge_it_slider id=&#8221;237 &#8222;]<\/p>\n<hr \/>\n<p style=\"text-align: justify;\"><span style=\"font-size: 16px;\">Zasady uczestnictwa.<\/span><\/p>\n<p style=\"text-align: justify;\">Uczestnicy rajdu w\u0119druj\u0105 indywidualnie tzn. z rodzinami w odleg\u0142o\u015bci zasi\u0119gu wzroku.<br \/>\nNie pobieramy \u017cadnych op\u0142at, uczestnictwo na w\u0142asn\u0105 odpowiedzialno\u015b\u0107 i w\u0142asne ubezpieczenie. Nie przyjmujemy wcze\u015bniejszych zg\u0142osze\u0144.<br \/>\nUczestnicy musz\u0105 dostosowa\u0107 si\u0119 do obowi\u0105zuj\u0105cych w dniu 5 grudnia br. przepis\u00f3w sanitarnych.<br \/>\nDojazd we w\u0142asnym zakresie, ilo\u015b\u0107 miejsc mo\u017ce by\u0107 ograniczona albo nie, ale wiek uczestnik\u00f3w jest nieograniczony.<br \/>\nMo\u017cna nawet zabra\u0107 kijki NW, mog\u0105 si\u0119 przyda\u0107 do odp\u0119dzania puszcza\u0144skich wilk\u00f3w i czart\u00f3w.<br \/>\nUczestnicy otrzymaj\u0105 potwierdzenie na punkty do odznak turystycznych i pami\u0105tkow\u0105 naklejk\u0119.<br \/>\nProgram indywidualnego 22 Rajdu \u201eMiko\u0142ajkowego\u201d.<br \/>\nDojazd na start &#8211; parking przy Rezerwacie \u201eCzartowe Pole\u201d nad Sopotem w pobli\u017cu Hamerni.<br \/>\nWsp\u00f3\u0142rz\u0119dne GPS: N 50<sup>0<\/sup>\u00a026\u2019 414,\u00a0\u00a0 E\u00a0 23<sup>0<\/sup>\u00a006\u2019 792.<br \/>\nW\u0119dr\u00f3wk\u0119 rozpoczynamy o godz. 9.30. Przewidujemy, \u017ce rajd b\u0119dzie trwa\u0142 ok. 4 godz. lub kr\u00f3cej w zale\u017cno\u015bci od kondycji uczestnik\u00f3w i warunk\u00f3w atmosferycznych.<br \/>\nNasi przodownicy turystyki pieszej od godz. 9.30 b\u0119d\u0105 wskazywa\u0107 tras\u0119 w\u0119dr\u00f3wki. B\u0119dziemy pocz\u0105tkowo w\u0119drowa\u0107 szlakiem zielonym \u201eZiemi J\u00f3zefowskiej\u201d przez Puszcz\u0119 Solsk\u0105. W drodze powrotnej malowniczymi \u015bcie\u017ckami le\u015bnymi. D\u0142ugo\u015b\u0107 trasy ok. 10 km.<br \/>\nPomys\u0142odawcami s\u0105 przewodnicy i przodownicy z Klubu Turystyczno-Krajoznawczego im. Micha\u0142a Pieszki przy Oddziale PTTK w Zamo\u015bciu.<\/p>\n<hr \/>\n<p style=\"text-align: justify;\">Maluchy niech nie zapomn\u0105 napisa\u0107 list\u00f3w do \u015bw. Miko\u0142aja i przekazanie ich rodzicom. Rodzice b\u0119d\u0105 wiedzieli jak odda\u0107 te listy \u015bw. Miko\u0142ajowi.<\/p>\n<p style=\"text-align: justify;\">\n","protected":false},"excerpt":{"rendered":"<p>&nbsp; Wspomnienia z 22 Rajdu &#8222;Miko\u0142ajkowego&#8221; w dniu 5 grudnia 2020 r. Rajd by\u0142 bardzo d\u0142uguuugi, bo w\u0119drowa\u0142o 38 os\u00f3b i musieli\u015bmy i\u015b\u0107 w zasi\u0119gu wzroku rodzinami i nikt si\u0119 nie zgubi\u0142. Pogoda wspania\u0142a, mieli\u015bmy zim\u0119 i wiosn\u0119 i p\u00f3\u017an\u0105 &hellip; <a class=\"more-link\" href=\"https:\/\/zamosc.pttk.pl\/wordpress\/?p=16850\">Czytaj dalej <span class=\"meta-nav\">&rarr;<\/span><\/a><\/p>\n","protected":false},"author":1,"featured_media":0,"comment_status":"closed","ping_status":"closed","sticky":false,"template":"","format":"standard","meta":{"footnotes":""},"categories":[1],"tags":[],"class_list":["post-16850","post","type-post","status-publish","format-standard","hentry","category-bez-kategorii"],"_links":{"self":[{"href":"https:\/\/zamosc.pttk.pl\/wordpress\/index.php?rest_route=\/wp\/v2\/posts\/16850","targetHints":{"allow":["GET"]}}],"collection":[{"href":"https:\/\/zamosc.pttk.pl\/wordpress\/index.php?rest_route=\/wp\/v2\/posts"}],"about":[{"href":"https:\/\/zamosc.pttk.pl\/wordpress\/index.php?rest_route=\/wp\/v2\/types\/post"}],"author":[{"embeddable":true,"href":"https:\/\/zamosc.pttk.pl\/wordpress\/index.php?rest_route=\/wp\/v2\/users\/1"}],"replies":[{"embeddable":true,"href":"https:\/\/zamosc.pttk.pl\/wordpress\/index.php?rest_route=%2Fwp%2Fv2%2Fcomments&post=16850"}],"version-history":[{"count":23,"href":"https:\/\/zamosc.pttk.pl\/wordpress\/index.php?rest_route=\/wp\/v2\/posts\/16850\/revisions"}],"predecessor-version":[{"id":16924,"href":"https:\/\/zamosc.pttk.pl\/wordpress\/index.php?rest_route=\/wp\/v2\/posts\/16850\/revisions\/16924"}],"wp:attachment":[{"href":"https:\/\/zamosc.pttk.pl\/wordpress\/index.php?rest_route=%2Fwp%2Fv2%2Fmedia&parent=16850"}],"wp:term":[{"taxonomy":"category","embeddable":true,"href":"https:\/\/zamosc.pttk.pl\/wordpress\/index.php?rest_route=%2Fwp%2Fv2%2Fcategories&post=16850"},{"taxonomy":"post_tag","embeddable":true,"href":"https:\/\/zamosc.pttk.pl\/wordpress\/index.php?rest_route=%2Fwp%2Fv2%2Ftags&post=16850"}],"curies":[{"name":"wp","href":"https:\/\/api.w.org\/{rel}","templated":true}]}}